{"id":518,"date":"2020-12-14T18:58:08","date_gmt":"2020-12-14T17:58:08","guid":{"rendered":"https:\/\/mairieazillanet.net\/NS\/?p=518"},"modified":"2021-02-15T12:04:06","modified_gmt":"2021-02-15T11:04:06","slug":"gite-de-fabregue","status":"publish","type":"post","link":"https:\/\/mairieazillanet.net\/NS\/gite-de-fabregue\/","title":{"rendered":"Gite de Fabr\u00e8gue"},"content":{"rendered":"<p>\u00ab\u00a0Gite de Fabr\u00e8gue\u00a0\u00bb<\/p>\n<p>G\u00eete le Prieur\u00e9 : 100 m2 tout confort, salon de jardin, chemin\u00e9e, 2 salles d&rsquo;eau, 2 WC, pour 7 personnes.<br \/>G\u00eete le Combaril : 60 m2 tout confort, salon de jardin, belle terrasse, pour 4 personne.<\/p>\n<p>Jean-Marc et H\u00e9l\u00e8ne Pag\u00e8s <br \/>9 grand rue (<span style=\"color: #ff6600;\">?)<\/span><br \/>34210 Azillanet<\/p>\n<p>T\u00e9l : 04.68.91.22.05 <br \/>Mail : <em><span style=\"color: #ff6600;\"><u>manquant<\/u><\/span><\/em><\/p>\n<p>\u00a0<\/p>\n<p>Deux photos des g\u00eetes manquantes <em><span style=\"color: #ff6600;\">(pas retrouv\u00e9es, re\u00e7ues ?)<\/span><\/em><\/p>\n\n\n<figure class=\"wp-block-gallery columns-0 is-cropped wp-block-gallery-1 is-layout-flex wp-block-gallery-is-layout-flex\"><ul class=\"blocks-gallery-grid\"><\/ul><\/figure>\n","protected":false},"excerpt":{"rendered":"<p>\u00ab\u00a0Gite de Fabr\u00e8gue\u00a0\u00bb G\u00eete le Prieur\u00e9 : 100 m2 tout confort, salon de jardin, chemin\u00e9e, 2 salles d&rsquo;eau, 2 WC, pour 7 personnes.G\u00eete le Combaril : 60 m2 tout confort, salon de jardin, belle terrasse, pour 4 personne. Jean-Marc et H\u00e9l\u00e8ne Pag\u00e8s 9 grand rue (?)34210 Azillanet T\u00e9l : 04.68.91.22.05 Mail : manquant \u00a0 Deux &#8230; <a title=\"Gite de Fabr\u00e8gue\" class=\"read-more\" href=\"https:\/\/mairieazillanet.net\/NS\/gite-de-fabregue\/\" aria-label=\"En savoir plus sur Gite de Fabr\u00e8gue\">Lire la suite<\/a><\/p>\n","protected":false},"author":1,"featured_media":0,"comment_status":"closed","ping_status":"closed","sticky":false,"template":"","format":"standard","meta":{"_uag_custom_page_level_css":"","footnotes":""},"categories":[1],"tags":[],"class_list":["post-518","post","type-post","status-publish","format-standard","hentry","category-non-classe"],"uagb_featured_image_src":{"full":false,"thumbnail":false,"medium":false,"medium_large":false,"large":false,"1536x1536":false,"2048x2048":false},"uagb_author_info":{"display_name":"pierre","author_link":"https:\/\/mairieazillanet.net\/NS\/author\/le-scribe\/"},"uagb_comment_info":0,"uagb_excerpt":"\u00ab\u00a0Gite de Fabr\u00e8gue\u00a0\u00bb G\u00eete le Prieur\u00e9 : 100 m2 tout confort, salon de jardin, chemin\u00e9e, 2 salles d&rsquo;eau, 2 WC, pour 7 personnes.G\u00eete le Combaril : 60 m2 tout confort, salon de jardin, belle terrasse, pour 4 personne. Jean-Marc et H\u00e9l\u00e8ne Pag\u00e8s 9 grand rue (?)34210 Azillanet T\u00e9l : 04.68.91.22.05 Mail : manquant \u00a0 Deux\u2026","_links":{"self":[{"href":"https:\/\/mairieazillanet.net\/NS\/wp-json\/wp\/v2\/posts\/518","targetHints":{"allow":["GET"]}}],"collection":[{"href":"https:\/\/mairieazillanet.net\/NS\/wp-json\/wp\/v2\/posts"}],"about":[{"href":"https:\/\/mairieazillanet.net\/NS\/wp-json\/wp\/v2\/types\/post"}],"author":[{"embeddable":true,"href":"https:\/\/mairieazillanet.net\/NS\/wp-json\/wp\/v2\/users\/1"}],"replies":[{"embeddable":true,"href":"https:\/\/mairieazillanet.net\/NS\/wp-json\/wp\/v2\/comments?post=518"}],"version-history":[{"count":3,"href":"https:\/\/mairieazillanet.net\/NS\/wp-json\/wp\/v2\/posts\/518\/revisions"}],"predecessor-version":[{"id":724,"href":"https:\/\/mairieazillanet.net\/NS\/wp-json\/wp\/v2\/posts\/518\/revisions\/724"}],"wp:attachment":[{"href":"https:\/\/mairieazillanet.net\/NS\/wp-json\/wp\/v2\/media?parent=518"}],"wp:term":[{"taxonomy":"category","embeddable":true,"href":"https:\/\/mairieazillanet.net\/NS\/wp-json\/wp\/v2\/categories?post=518"},{"taxonomy":"post_tag","embeddable":true,"href":"https:\/\/mairieazillanet.net\/NS\/wp-json\/wp\/v2\/tags?post=518"}],"curies":[{"name":"wp","href":"https:\/\/api.w.org\/{rel}","templated":true}]}}