{"id":426,"date":"2020-12-14T08:54:07","date_gmt":"2020-12-14T07:54:07","guid":{"rendered":"https:\/\/mairieazillanet.net\/NS\/?p=426"},"modified":"2021-03-22T09:26:37","modified_gmt":"2021-03-22T08:26:37","slug":"hebergements","status":"publish","type":"post","link":"https:\/\/mairieazillanet.net\/NS\/hebergements\/","title":{"rendered":"H\u00e9bergements"},"content":{"rendered":"\n<div class=\"wp-block-cover has-background-dim-20 has-black-background-color has-background-dim\"><img fetchpriority=\"high\" decoding=\"async\" width=\"2000\" height=\"1335\" class=\"wp-block-cover__image-background wp-image-10\" alt=\"\" src=\"https:\/\/mairieazillanet.net\/NS\/wp-content\/uploads\/2020\/11\/azillanet-village-octobre-2-2000.jpg\" style=\"object-position:59% 65%\" data-object-fit=\"cover\" data-object-position=\"59% 65%\" srcset=\"https:\/\/mairieazillanet.net\/NS\/wp-content\/uploads\/2020\/11\/azillanet-village-octobre-2-2000.jpg 2000w, https:\/\/mairieazillanet.net\/NS\/wp-content\/uploads\/2020\/11\/azillanet-village-octobre-2-2000-300x200.jpg 300w, https:\/\/mairieazillanet.net\/NS\/wp-content\/uploads\/2020\/11\/azillanet-village-octobre-2-2000-768x513.jpg 768w, https:\/\/mairieazillanet.net\/NS\/wp-content\/uploads\/2020\/11\/azillanet-village-octobre-2-2000-1024x684.jpg 1024w, https:\/\/mairieazillanet.net\/NS\/wp-content\/uploads\/2020\/11\/azillanet-village-octobre-2-2000-1536x1025.jpg 1536w\" sizes=\"(max-width: 2000px) 100vw, 2000px\" \/><div class=\"wp-block-cover__inner-container is-layout-flow wp-block-cover-is-layout-flow\">\n<p class=\"has-text-align-center\" style=\"font-size:50px\">S\u00e9jours, nuit\u00e9es, vacances : o\u00f9 dormir \u00e0 Azillanet ?<\/p>\n<\/div><\/div>\n\n\n<p>Une dizaine d&rsquo;accueils diff\u00e9rents vous sont propos\u00e9s \u00e0 Azillanet, depuis la chambre d&rsquo;h\u00f4tes jusqu&rsquo;au camping en passant par les g\u00eetes : votre s\u00e9jour ici vous permettra de visiter le village riche d&rsquo;Histoire, la r\u00e9gion entre montagne et mer, les domaines viticoles et bien d&rsquo;autres merveilles. Des gites ruraux, des chambres d&rsquo;h\u00f4tes et une auberge vous r\u00e9servent un accueil de qualit\u00e9 dans un site de charme discret, encore pr\u00e9serv\u00e9.<\/p>\n<p>Vous pr\u00e9f\u00e9rez vous reposer au bord de la piscine ? Sur la plage du lac de Jouarres ou dans un coin secret des gorges de la Cesse ? Vous \u00eates au bon endroit !<\/p>\n\n\n<figure class=\"wp-block-gallery columns-4 is-cropped wp-block-gallery-1 is-layout-flex wp-block-gallery-is-layout-flex\"><ul class=\"blocks-gallery-grid\"><li class=\"blocks-gallery-item\"><figure><a  href=\"https:\/\/mairieazillanet.net\/NS\/wp-content\/uploads\/2020\/12\/les-riosouls-image-2-scaled.jpg\" data-rel=\"lightbox-gallery-0\" data-rl_title=\"\" data-rl_caption=\"\" title=\"\"><img decoding=\"async\" width=\"300\" height=\"225\" src=\"https:\/\/mairieazillanet.net\/NS\/wp-content\/uploads\/2020\/12\/les-riosouls-image-2-300x225.jpg\" alt=\"\" data-id=\"388\" data-full-url=\"https:\/\/mairieazillanet.net\/NS\/wp-content\/uploads\/2020\/12\/les-riosouls-image-2-scaled.jpg\" data-link=\"https:\/\/mairieazillanet.net\/NS\/les-riosouls-image-2\/\" class=\"wp-image-388\" srcset=\"https:\/\/mairieazillanet.net\/NS\/wp-content\/uploads\/2020\/12\/les-riosouls-image-2-300x225.jpg 300w, https:\/\/mairieazillanet.net\/NS\/wp-content\/uploads\/2020\/12\/les-riosouls-image-2-768x576.jpg 768w, https:\/\/mairieazillanet.net\/NS\/wp-content\/uploads\/2020\/12\/les-riosouls-image-2-1024x768.jpg 1024w, https:\/\/mairieazillanet.net\/NS\/wp-content\/uploads\/2020\/12\/les-riosouls-image-2-1536x1152.jpg 1536w, https:\/\/mairieazillanet.net\/NS\/wp-content\/uploads\/2020\/12\/les-riosouls-image-2-2048x1536.jpg 2048w\" sizes=\"(max-width: 300px) 100vw, 300px\" \/><\/a><\/figure><\/li><li class=\"blocks-gallery-item\"><figure><a  href=\"https:\/\/mairieazillanet.net\/NS\/wp-content\/uploads\/2020\/12\/camping.jpg\" data-rel=\"lightbox-gallery-0\" data-rl_title=\"\" data-rl_caption=\"\" title=\"\"><img decoding=\"async\" width=\"250\" height=\"172\" src=\"https:\/\/mairieazillanet.net\/NS\/wp-content\/uploads\/2020\/12\/camping.jpg\" alt=\"\" data-id=\"257\" data-full-url=\"https:\/\/mairieazillanet.net\/NS\/wp-content\/uploads\/2020\/12\/camping.jpg\" data-link=\"https:\/\/mairieazillanet.net\/NS\/camping\/\" class=\"wp-image-257\"\/><\/a><\/figure><\/li><li class=\"blocks-gallery-item\"><figure><a  href=\"https:\/\/mairieazillanet.net\/NS\/wp-content\/uploads\/2020\/12\/suzanne-hails-azillanet-1w.jpg\" data-rel=\"lightbox-gallery-0\" data-rl_title=\"\" data-rl_caption=\"\" title=\"\"><img loading=\"lazy\" decoding=\"async\" width=\"265\" height=\"300\" src=\"https:\/\/mairieazillanet.net\/NS\/wp-content\/uploads\/2020\/12\/suzanne-hails-azillanet-1w-265x300.jpg\" alt=\"\" data-id=\"357\" data-full-url=\"https:\/\/mairieazillanet.net\/NS\/wp-content\/uploads\/2020\/12\/suzanne-hails-azillanet-1w.jpg\" data-link=\"https:\/\/mairieazillanet.net\/NS\/suzanne-hails-azillanet-1w\/\" class=\"wp-image-357\" srcset=\"https:\/\/mairieazillanet.net\/NS\/wp-content\/uploads\/2020\/12\/suzanne-hails-azillanet-1w-265x300.jpg 265w, https:\/\/mairieazillanet.net\/NS\/wp-content\/uploads\/2020\/12\/suzanne-hails-azillanet-1w.jpg 678w\" sizes=\"(max-width: 265px) 100vw, 265px\" \/><\/a><\/figure><\/li><li class=\"blocks-gallery-item\"><figure><a  href=\"https:\/\/mairieazillanet.net\/NS\/wp-content\/uploads\/2020\/12\/suzanne-hails-azillanet-2w.jpg\" data-rel=\"lightbox-gallery-0\" data-rl_title=\"\" data-rl_caption=\"\" title=\"\"><img loading=\"lazy\" decoding=\"async\" width=\"300\" height=\"232\" src=\"https:\/\/mairieazillanet.net\/NS\/wp-content\/uploads\/2020\/12\/suzanne-hails-azillanet-2w-300x232.jpg\" alt=\"\" data-id=\"356\" data-full-url=\"https:\/\/mairieazillanet.net\/NS\/wp-content\/uploads\/2020\/12\/suzanne-hails-azillanet-2w.jpg\" data-link=\"https:\/\/mairieazillanet.net\/NS\/suzanne-hails-azillanet-2w\/\" class=\"wp-image-356\" srcset=\"https:\/\/mairieazillanet.net\/NS\/wp-content\/uploads\/2020\/12\/suzanne-hails-azillanet-2w-300x232.jpg 300w, https:\/\/mairieazillanet.net\/NS\/wp-content\/uploads\/2020\/12\/suzanne-hails-azillanet-2w.jpg 388w\" sizes=\"(max-width: 300px) 100vw, 300px\" \/><\/a><\/figure><\/li><li class=\"blocks-gallery-item\"><figure><a  href=\"https:\/\/mairieazillanet.net\/NS\/wp-content\/uploads\/2020\/12\/Les-loges-du-Tary-photo1-scaled.jpg\" data-rel=\"lightbox-gallery-0\" data-rl_title=\"\" data-rl_caption=\"\" title=\"\"><img loading=\"lazy\" decoding=\"async\" width=\"300\" height=\"225\" src=\"https:\/\/mairieazillanet.net\/NS\/wp-content\/uploads\/2020\/12\/Les-loges-du-Tary-photo1-300x225.jpg\" alt=\"\" data-id=\"382\" data-full-url=\"https:\/\/mairieazillanet.net\/NS\/wp-content\/uploads\/2020\/12\/Les-loges-du-Tary-photo1-scaled.jpg\" data-link=\"https:\/\/mairieazillanet.net\/NS\/les-loges-du-tary-photo1\/\" class=\"wp-image-382\" srcset=\"https:\/\/mairieazillanet.net\/NS\/wp-content\/uploads\/2020\/12\/Les-loges-du-Tary-photo1-300x225.jpg 300w, https:\/\/mairieazillanet.net\/NS\/wp-content\/uploads\/2020\/12\/Les-loges-du-Tary-photo1-768x576.jpg 768w, https:\/\/mairieazillanet.net\/NS\/wp-content\/uploads\/2020\/12\/Les-loges-du-Tary-photo1-1024x768.jpg 1024w, https:\/\/mairieazillanet.net\/NS\/wp-content\/uploads\/2020\/12\/Les-loges-du-Tary-photo1-1536x1152.jpg 1536w, https:\/\/mairieazillanet.net\/NS\/wp-content\/uploads\/2020\/12\/Les-loges-du-Tary-photo1-2048x1536.jpg 2048w\" sizes=\"(max-width: 300px) 100vw, 300px\" \/><\/a><\/figure><\/li><li class=\"blocks-gallery-item\"><figure><a  href=\"https:\/\/mairieazillanet.net\/NS\/wp-content\/uploads\/2020\/12\/les-riosouls-image-1-scaled.jpg\" data-rel=\"lightbox-gallery-0\" data-rl_title=\"\" data-rl_caption=\"\" title=\"\"><img loading=\"lazy\" decoding=\"async\" width=\"300\" height=\"225\" src=\"https:\/\/mairieazillanet.net\/NS\/wp-content\/uploads\/2020\/12\/les-riosouls-image-1-300x225.jpg\" alt=\"\" data-id=\"389\" data-full-url=\"https:\/\/mairieazillanet.net\/NS\/wp-content\/uploads\/2020\/12\/les-riosouls-image-1-scaled.jpg\" data-link=\"https:\/\/mairieazillanet.net\/NS\/les-riosouls-image-1\/\" class=\"wp-image-389\" srcset=\"https:\/\/mairieazillanet.net\/NS\/wp-content\/uploads\/2020\/12\/les-riosouls-image-1-300x225.jpg 300w, https:\/\/mairieazillanet.net\/NS\/wp-content\/uploads\/2020\/12\/les-riosouls-image-1-768x576.jpg 768w, https:\/\/mairieazillanet.net\/NS\/wp-content\/uploads\/2020\/12\/les-riosouls-image-1-1024x768.jpg 1024w, https:\/\/mairieazillanet.net\/NS\/wp-content\/uploads\/2020\/12\/les-riosouls-image-1-1536x1152.jpg 1536w, https:\/\/mairieazillanet.net\/NS\/wp-content\/uploads\/2020\/12\/les-riosouls-image-1-2048x1536.jpg 2048w\" sizes=\"(max-width: 300px) 100vw, 300px\" \/><\/a><\/figure><\/li><li class=\"blocks-gallery-item\"><figure><a  href=\"https:\/\/mairieazillanet.net\/NS\/wp-content\/uploads\/2020\/12\/3.-Gi\u0302tes-Pech-dAndre\u0301.jpg\" data-rel=\"lightbox-gallery-0\" data-rl_title=\"\" data-rl_caption=\"\" title=\"\"><img loading=\"lazy\" decoding=\"async\" width=\"300\" height=\"225\" src=\"https:\/\/mairieazillanet.net\/NS\/wp-content\/uploads\/2020\/12\/3.-Gi\u0302tes-Pech-dAndre\u0301-300x225.jpg\" alt=\"\" data-id=\"392\" data-full-url=\"https:\/\/mairieazillanet.net\/NS\/wp-content\/uploads\/2020\/12\/3.-Gi\u0302tes-Pech-dAndre\u0301.jpg\" data-link=\"https:\/\/mairieazillanet.net\/NS\/3-gi%cc%82tes-pech-dandre\/\" class=\"wp-image-392\" srcset=\"https:\/\/mairieazillanet.net\/NS\/wp-content\/uploads\/2020\/12\/3.-Gi\u0302tes-Pech-dAndre\u0301-300x225.jpg 300w, https:\/\/mairieazillanet.net\/NS\/wp-content\/uploads\/2020\/12\/3.-Gi\u0302tes-Pech-dAndre\u0301-768x576.jpg 768w, https:\/\/mairieazillanet.net\/NS\/wp-content\/uploads\/2020\/12\/3.-Gi\u0302tes-Pech-dAndre\u0301-1024x768.jpg 1024w, https:\/\/mairieazillanet.net\/NS\/wp-content\/uploads\/2020\/12\/3.-Gi\u0302tes-Pech-dAndre\u0301-1536x1152.jpg 1536w, https:\/\/mairieazillanet.net\/NS\/wp-content\/uploads\/2020\/12\/3.-Gi\u0302tes-Pech-dAndre\u0301.jpg 2048w\" sizes=\"(max-width: 300px) 100vw, 300px\" \/><\/a><\/figure><\/li><li class=\"blocks-gallery-item\"><figure><a  href=\"https:\/\/mairieazillanet.net\/NS\/wp-content\/uploads\/2020\/12\/1.-Domaine-Le-Pech-dAndre\u0301-coquelicot-maison-scaled.jpg\" data-rel=\"lightbox-gallery-0\" data-rl_title=\"\" data-rl_caption=\"\" title=\"\"><img loading=\"lazy\" decoding=\"async\" width=\"300\" height=\"225\" src=\"https:\/\/mairieazillanet.net\/NS\/wp-content\/uploads\/2020\/12\/1.-Domaine-Le-Pech-dAndre\u0301-coquelicot-maison-300x225.jpg\" alt=\"\" data-id=\"394\" data-full-url=\"https:\/\/mairieazillanet.net\/NS\/wp-content\/uploads\/2020\/12\/1.-Domaine-Le-Pech-dAndre\u0301-coquelicot-maison-scaled.jpg\" data-link=\"https:\/\/mairieazillanet.net\/NS\/1-domaine-le-pech-dandre-coquelicot-maison\/\" class=\"wp-image-394\" srcset=\"https:\/\/mairieazillanet.net\/NS\/wp-content\/uploads\/2020\/12\/1.-Domaine-Le-Pech-dAndre\u0301-coquelicot-maison-300x225.jpg 300w, https:\/\/mairieazillanet.net\/NS\/wp-content\/uploads\/2020\/12\/1.-Domaine-Le-Pech-dAndre\u0301-coquelicot-maison-768x576.jpg 768w, https:\/\/mairieazillanet.net\/NS\/wp-content\/uploads\/2020\/12\/1.-Domaine-Le-Pech-dAndre\u0301-coquelicot-maison-1024x768.jpg 1024w, https:\/\/mairieazillanet.net\/NS\/wp-content\/uploads\/2020\/12\/1.-Domaine-Le-Pech-dAndre\u0301-coquelicot-maison-1536x1152.jpg 1536w, https:\/\/mairieazillanet.net\/NS\/wp-content\/uploads\/2020\/12\/1.-Domaine-Le-Pech-dAndre\u0301-coquelicot-maison-2048x1536.jpg 2048w\" sizes=\"(max-width: 300px) 100vw, 300px\" \/><\/a><\/figure><\/li><\/ul><\/figure>\n\n\n\n<p><\/p>\n","protected":false},"excerpt":{"rendered":"<p>Une dizaine d&rsquo;accueils diff\u00e9rents vous sont propos\u00e9s \u00e0 Azillanet, depuis la chambre d&rsquo;h\u00f4tes jusqu&rsquo;au camping en passant par les g\u00eetes : votre s\u00e9jour ici vous permettra de visiter le village riche d&rsquo;Histoire, la r\u00e9gion entre montagne et mer, les domaines viticoles et bien d&rsquo;autres merveilles. Des gites ruraux, des chambres d&rsquo;h\u00f4tes et une auberge vous &#8230; <a title=\"H\u00e9bergements\" class=\"read-more\" href=\"https:\/\/mairieazillanet.net\/NS\/hebergements\/\" aria-label=\"En savoir plus sur H\u00e9bergements\">Lire la suite<\/a><\/p>\n","protected":false},"author":1,"featured_media":0,"comment_status":"closed","ping_status":"closed","sticky":false,"template":"","format":"standard","meta":{"_uag_custom_page_level_css":"","footnotes":""},"categories":[55],"tags":[],"class_list":["post-426","post","type-post","status-publish","format-standard","hentry","category-hebergeurs"],"uagb_featured_image_src":{"full":false,"thumbnail":false,"medium":false,"medium_large":false,"large":false,"1536x1536":false,"2048x2048":false},"uagb_author_info":{"display_name":"pierre","author_link":"https:\/\/mairieazillanet.net\/NS\/author\/le-scribe\/"},"uagb_comment_info":0,"uagb_excerpt":"Une dizaine d&rsquo;accueils diff\u00e9rents vous sont propos\u00e9s \u00e0 Azillanet, depuis la chambre d&rsquo;h\u00f4tes jusqu&rsquo;au camping en passant par les g\u00eetes : votre s\u00e9jour ici vous permettra de visiter le village riche d&rsquo;Histoire, la r\u00e9gion entre montagne et mer, les domaines viticoles et bien d&rsquo;autres merveilles. Des gites ruraux, des chambres d&rsquo;h\u00f4tes et une auberge vous\u2026","_links":{"self":[{"href":"https:\/\/mairieazillanet.net\/NS\/wp-json\/wp\/v2\/posts\/426","targetHints":{"allow":["GET"]}}],"collection":[{"href":"https:\/\/mairieazillanet.net\/NS\/wp-json\/wp\/v2\/posts"}],"about":[{"href":"https:\/\/mairieazillanet.net\/NS\/wp-json\/wp\/v2\/types\/post"}],"author":[{"embeddable":true,"href":"https:\/\/mairieazillanet.net\/NS\/wp-json\/wp\/v2\/users\/1"}],"replies":[{"embeddable":true,"href":"https:\/\/mairieazillanet.net\/NS\/wp-json\/wp\/v2\/comments?post=426"}],"version-history":[{"count":15,"href":"https:\/\/mairieazillanet.net\/NS\/wp-json\/wp\/v2\/posts\/426\/revisions"}],"predecessor-version":[{"id":1988,"href":"https:\/\/mairieazillanet.net\/NS\/wp-json\/wp\/v2\/posts\/426\/revisions\/1988"}],"wp:attachment":[{"href":"https:\/\/mairieazillanet.net\/NS\/wp-json\/wp\/v2\/media?parent=426"}],"wp:term":[{"taxonomy":"category","embeddable":true,"href":"https:\/\/mairieazillanet.net\/NS\/wp-json\/wp\/v2\/categories?post=426"},{"taxonomy":"post_tag","embeddable":true,"href":"https:\/\/mairieazillanet.net\/NS\/wp-json\/wp\/v2\/tags?post=426"}],"curies":[{"name":"wp","href":"https:\/\/api.w.org\/{rel}","templated":true}]}}