{"id":353,"date":"2020-12-13T22:47:41","date_gmt":"2020-12-13T21:47:41","guid":{"rendered":"https:\/\/mairieazillanet.net\/NS\/?p=353"},"modified":"2025-09-14T12:42:58","modified_gmt":"2025-09-14T10:42:58","slug":"education-et-jeunesse","status":"publish","type":"post","link":"https:\/\/mairieazillanet.net\/NS\/education-et-jeunesse\/","title":{"rendered":"\u00c9ducation et jeunesse"},"content":{"rendered":"\n<div class=\"wp-block-cover\" style=\"min-height:472px;aspect-ratio:unset;\"><img fetchpriority=\"high\" decoding=\"async\" width=\"1600\" height=\"1200\" class=\"wp-block-cover__image-background wp-image-1679\" alt=\"\" src=\"https:\/\/mairieazillanet.net\/NS\/wp-content\/uploads\/2021\/03\/enfants-azillanet-bambins-minerve.jpg\" style=\"object-position:53% 10%\" data-object-fit=\"cover\" data-object-position=\"53% 10%\" srcset=\"https:\/\/mairieazillanet.net\/NS\/wp-content\/uploads\/2021\/03\/enfants-azillanet-bambins-minerve.jpg 1600w, https:\/\/mairieazillanet.net\/NS\/wp-content\/uploads\/2021\/03\/enfants-azillanet-bambins-minerve-300x225.jpg 300w, https:\/\/mairieazillanet.net\/NS\/wp-content\/uploads\/2021\/03\/enfants-azillanet-bambins-minerve-768x576.jpg 768w, https:\/\/mairieazillanet.net\/NS\/wp-content\/uploads\/2021\/03\/enfants-azillanet-bambins-minerve-1024x768.jpg 1024w, https:\/\/mairieazillanet.net\/NS\/wp-content\/uploads\/2021\/03\/enfants-azillanet-bambins-minerve-1536x1152.jpg 1536w\" sizes=\"(max-width: 1600px) 100vw, 1600px\" \/><span aria-hidden=\"true\" class=\"wp-block-cover__background has-contrast-2-background-color has-background-dim-10 has-background-dim\"><\/span><div class=\"wp-block-cover__inner-container is-layout-flow wp-block-cover-is-layout-flow\">\n<p class=\"has-text-align-center has-base-3-color has-text-color has-link-color wp-elements-b58164e98c7e15532d76afa26fdb75c9\" style=\"font-size:50px\">\u00c9ducation et jeunesse<\/p>\n<\/div><\/div>\n\n\n<p>L&rsquo;\u00e9cole d&rsquo;Azillanet fait partie d&rsquo;un Regroupement P\u00e9dagogique Intercommunal (RPI) qui associe les communes d&rsquo;Azillanet et de Cesseras de la maternelle au CM2 et qui permet de scolariser chaque ann\u00e9e une cinquantaine d\u2019enfants.<\/p>\n<p><strong>\u2022 LA MATERNELLE<\/strong> <br \/>\u00ab\u00a0L&rsquo;\u00e9cole du ch\u00e2teau\u00a0\u00bb de Cesseras accueille la maternelle de la petite \u00e0 la grande section<br \/>Directrice de Cesseras et Professeur des \u00e9coles : Karine CHATAIN<\/p>\n<p><strong>\u2022 L\u2019ECOLE PRIMAIRE<\/strong><br \/>\u00ab\u00a0L&rsquo;\u00e9cole du pont\u00a0\u00bb de Cesseras accueille les \u00e9l\u00e8ves de CP, et CE1\u00a0 &#8211; Professeur des \u00e9coles : Laure BOUSQUET<br \/>\u00ab\u00a0L&rsquo;\u00e9cole d&rsquo;Azillanet\u00a0\u00bb accueille les \u00e9l\u00e8ves de CE2\u00a0 CM1 ET CM2.<br \/>Directeur et professeur d&rsquo;Azillanet : Laure CAMPION MARTINEZ<\/p>\n<p>Pour inscrire votre enfant \u00e0 l&rsquo;\u00e9cole d&rsquo;Azillanet, veuillez contacter Mme CAMPION MARTINEZ au 04.68.91.31.24 <br \/>ou par mail : ecole.azillanet(@)gmail.com ou bien la mairie d&rsquo;Azillanet au 04.68.91.22.67.<\/p>\n\n\n<h4 class=\"wp-block-heading has-pale-cyan-blue-color has-text-color\"><strong>INFOS PRATIQUES&nbsp;<\/strong><\/h4>\n\n\n\n<div class=\"wp-block-media-text has-media-on-the-right is-stacked-on-mobile\" style=\"grid-template-columns:auto 18%\"><div class=\"wp-block-media-text__content\">\n<ul class=\"wp-block-list\">\n<li><strong>LE TRANSPORT<\/strong><br>La navette entre les 3 \u00e9coles des 2 communes est g\u00e9r\u00e9e par H\u00e9rault Transport .<br>Les familles qui utilisent le transport doivent faire une demande de carte aupr\u00e8s d\u2019H\u00e9rault Transport pour cela vous pouvez&nbsp;:<\/li>\n\n\n\n<li>retirer le formulaire d&rsquo;inscription en mairie ;<\/li>\n\n\n\n<li>t\u00e9l\u00e9charger le formulaire sur le site <br><a href=\"http:\/\/www.herault-transport.fr\/telechargement\/Formulaire-scolaire.pdf\" target=\"_blank\" rel=\"noreferrer noopener\">http:\/\/www.herault-transport.fr\/telechargement\/Formulaire-scolaire.pdf <\/a>;<\/li>\n\n\n\n<li>Faire l\u2019inscription en ligne&nbsp; <a href=\"https:\/\/www.herault-transport.fr\/lignes-scolaires\/inscriptions\" target=\"_blank\" rel=\"noreferrer noopener\">https:\/\/www.herault-transport.fr\/lignes-scolaires\/inscriptions<\/a><\/li>\n<\/ul>\n<\/div><figure class=\"wp-block-media-text__media\"><img decoding=\"async\" width=\"608\" height=\"800\" src=\"https:\/\/mairieazillanet.net\/NS\/wp-content\/uploads\/2021\/03\/transport-scolaire-azillanet.jpg\" alt=\"\" class=\"wp-image-1707 size-full\" srcset=\"https:\/\/mairieazillanet.net\/NS\/wp-content\/uploads\/2021\/03\/transport-scolaire-azillanet.jpg 608w, https:\/\/mairieazillanet.net\/NS\/wp-content\/uploads\/2021\/03\/transport-scolaire-azillanet-228x300.jpg 228w\" sizes=\"(max-width: 608px) 100vw, 608px\" \/><\/figure><\/div>\n\n\n\n<div class=\"wp-block-media-text is-stacked-on-mobile\" style=\"grid-template-columns:41% auto\"><figure class=\"wp-block-media-text__media\"><img decoding=\"async\" width=\"658\" height=\"568\" src=\"https:\/\/mairieazillanet.net\/NS\/wp-content\/uploads\/2024\/01\/Capture1.jpg\" alt=\"\" class=\"wp-image-2691 size-full\" srcset=\"https:\/\/mairieazillanet.net\/NS\/wp-content\/uploads\/2024\/01\/Capture1.jpg 658w, https:\/\/mairieazillanet.net\/NS\/wp-content\/uploads\/2024\/01\/Capture1-300x259.jpg 300w\" sizes=\"(max-width: 658px) 100vw, 658px\" \/><\/figure><div class=\"wp-block-media-text__content\">\n<ul class=\"wp-block-list\">\n<li><strong>LA GARDERIE<\/strong><br>Une garderie est en place pour les enfants scolaris\u00e9s sur les communes d&rsquo;Azillanet et de Cesseras. <br><br>L&rsquo;accueil des enfants s&rsquo;effectue dans la salle de la mairie \u00e0 Azillanet de 7h30 \u00e0 9h00 le matin et de la fin de la classe \u00e0 18h30. <br><br>La prestation s&rsquo;\u00e9l\u00e8ve \u00e0 1\u20ac\/enfant\/tranche horaire<\/li>\n<\/ul>\n<\/div><\/div>\n\n\n\n<div class=\"wp-block-media-text has-media-on-the-right is-stacked-on-mobile\" style=\"grid-template-columns:auto 33%\"><div class=\"wp-block-media-text__content\">\n<ul class=\"wp-block-list\">\n<li><strong>LA RESTAURATION<\/strong><br>Les enfants ont la possibilit\u00e9 de d\u00e9jeuner \u00e0 la cantine qui se situe \u00e0 Cesseras. Les enfants scolaris\u00e9s \u00e0 Azillanet y sont achemin\u00e9s par le bus scolaire.<br>La soci\u00e9t\u00e9 API de Pennautier (11000) livre les repas tous les jours en liaison chaude.<br>Les repas sont \u00e9labor\u00e9s principalement \u00e0 partir de produits locaux et de saison dans le cadre d&rsquo;une alimentation sur circuits courts. <br><br>Pour tout renseignement compl\u00e9mentaire, veuillez-vous adresser \u00e0 notre coordinatrice du RPI,\u00a0 Sabine \u00e0 la mairie de Cesseras Tel : 04.68.91.23.66<\/li>\n<\/ul>\n<\/div><figure class=\"wp-block-media-text__media\"><img loading=\"lazy\" decoding=\"async\" width=\"750\" height=\"1000\" src=\"https:\/\/mairieazillanet.net\/NS\/wp-content\/uploads\/2021\/03\/cantine-azillanet-1080.jpg\" alt=\"\" class=\"wp-image-1942 size-full\" srcset=\"https:\/\/mairieazillanet.net\/NS\/wp-content\/uploads\/2021\/03\/cantine-azillanet-1080.jpg 750w, https:\/\/mairieazillanet.net\/NS\/wp-content\/uploads\/2021\/03\/cantine-azillanet-1080-225x300.jpg 225w\" sizes=\"(max-width: 750px) 100vw, 750px\" \/><\/figure><\/div>\n\n\n\n<ul class=\"wp-block-list\">\n<li><strong>LE COLL\u00c8GE<\/strong><br>A partir de la 6\u00e8me les enfants d\u2019Azillanet d\u00e9pendent du coll\u00e8ge Antoine Faur\u00e9 \u00e0 Olonzac. Le coll\u00e8ge de secteur est situ\u00e9 \u00e0 5 minutes en voiture et desservi par H\u00e9rault transport.<\/li>\n<\/ul>\n\n\n\n<ul class=\"wp-block-list\">\n<li><strong>LE LYC\u00c9E<\/strong><br>A partir de la 2nd et selon les orientations des jeunes il y a plusieurs possibilit\u00e9s.<br>Le lyc\u00e9e de secteur&nbsp;: Ernest Ferroul \u00e0 L\u00e9zignan Corbi\u00e8res situ\u00e9 \u00e0 20 min en voiture et desservi pas les transports scolaires<br>Les lyc\u00e9es g\u00e9n\u00e9raux et professionnels de Narbonne, Carcassonne (environ 40 minutes de route) et B\u00e9ziers (environ 50 minutes de route) ainsi que le lyc\u00e9e professionnel de Saint Pons de Thomi\u00e8res (25 minutes de route)<br>Certains \u00e9tablissements ont des internats afin d\u2019\u00e9viter les trajets.<\/li>\n<\/ul>\n\n\n\n<p><strong>PONT D&rsquo;INFORMATIONS JEUNESSE<\/strong><br><a href=\"https:\/\/www.cc-minervois-caroux.fr\/pij_minervois.aspx\">Le Point d&rsquo;Informations Jeunesse, PIJ&nbsp;<\/a><\/p>\n\n\n\n<figure class=\"wp-block-gallery has-nested-images columns-default is-cropped wp-block-gallery-1 is-layout-flex wp-block-gallery-is-layout-flex\">\n<figure class=\"wp-block-image size-large\"><img loading=\"lazy\" decoding=\"async\" width=\"845\" height=\"618\" data-id=\"2608\" src=\"https:\/\/mairieazillanet.net\/NS\/wp-content\/uploads\/2023\/12\/SALLE-DE-CLASSE.jpg\" alt=\"\" class=\"wp-image-2608\" srcset=\"https:\/\/mairieazillanet.net\/NS\/wp-content\/uploads\/2023\/12\/SALLE-DE-CLASSE.jpg 845w, https:\/\/mairieazillanet.net\/NS\/wp-content\/uploads\/2023\/12\/SALLE-DE-CLASSE-300x219.jpg 300w, https:\/\/mairieazillanet.net\/NS\/wp-content\/uploads\/2023\/12\/SALLE-DE-CLASSE-768x562.jpg 768w\" sizes=\"(max-width: 845px) 100vw, 845px\" \/><\/figure>\n\n\n\n<figure class=\"wp-block-image size-large\"><img loading=\"lazy\" decoding=\"async\" width=\"898\" height=\"628\" data-id=\"2612\" src=\"https:\/\/mairieazillanet.net\/NS\/wp-content\/uploads\/2023\/12\/ECOLE-1.jpg\" alt=\"Ecole Azillanet\" class=\"wp-image-2612\" srcset=\"https:\/\/mairieazillanet.net\/NS\/wp-content\/uploads\/2023\/12\/ECOLE-1.jpg 898w, https:\/\/mairieazillanet.net\/NS\/wp-content\/uploads\/2023\/12\/ECOLE-1-300x210.jpg 300w, https:\/\/mairieazillanet.net\/NS\/wp-content\/uploads\/2023\/12\/ECOLE-1-768x537.jpg 768w\" sizes=\"(max-width: 898px) 100vw, 898px\" \/><\/figure>\n\n\n\n<figure class=\"wp-block-image size-large\"><img loading=\"lazy\" decoding=\"async\" width=\"768\" height=\"1024\" data-id=\"901\" src=\"https:\/\/mairieazillanet.net\/NS\/wp-content\/uploads\/2021\/02\/ecole-azillanet-exterieur-2-768x1024.jpg\" alt=\"\" class=\"wp-image-901\" srcset=\"https:\/\/mairieazillanet.net\/NS\/wp-content\/uploads\/2021\/02\/ecole-azillanet-exterieur-2-768x1024.jpg 768w, https:\/\/mairieazillanet.net\/NS\/wp-content\/uploads\/2021\/02\/ecole-azillanet-exterieur-2-225x300.jpg 225w, https:\/\/mairieazillanet.net\/NS\/wp-content\/uploads\/2021\/02\/ecole-azillanet-exterieur-2.jpg 900w\" sizes=\"(max-width: 768px) 100vw, 768px\" \/><\/figure>\n<\/figure>\n","protected":false},"excerpt":{"rendered":"<p>L&rsquo;\u00e9cole d&rsquo;Azillanet fait partie d&rsquo;un Regroupement P\u00e9dagogique Intercommunal (RPI) qui associe les communes d&rsquo;Azillanet et de Cesseras de la maternelle au CM2 et qui permet de scolariser chaque ann\u00e9e une cinquantaine d\u2019enfants. \u2022 LA MATERNELLE \u00ab\u00a0L&rsquo;\u00e9cole du ch\u00e2teau\u00a0\u00bb de Cesseras accueille la maternelle de la petite \u00e0 la grande sectionDirectrice de Cesseras et Professeur des &#8230; <a title=\"\u00c9ducation et jeunesse\" class=\"read-more\" href=\"https:\/\/mairieazillanet.net\/NS\/education-et-jeunesse\/\" aria-label=\"En savoir plus sur \u00c9ducation et jeunesse\">Lire la suite<\/a><\/p>\n","protected":false},"author":1,"featured_media":0,"comment_status":"closed","ping_status":"closed","sticky":false,"template":"","format":"standard","meta":{"_uag_custom_page_level_css":"","footnotes":""},"categories":[1],"tags":[],"class_list":["post-353","post","type-post","status-publish","format-standard","hentry","category-non-classe"],"uagb_featured_image_src":{"full":false,"thumbnail":false,"medium":false,"medium_large":false,"large":false,"1536x1536":false,"2048x2048":false},"uagb_author_info":{"display_name":"pierre","author_link":"https:\/\/mairieazillanet.net\/NS\/author\/le-scribe\/"},"uagb_comment_info":0,"uagb_excerpt":"L&rsquo;\u00e9cole d&rsquo;Azillanet fait partie d&rsquo;un Regroupement P\u00e9dagogique Intercommunal (RPI) qui associe les communes d&rsquo;Azillanet et de Cesseras de la maternelle au CM2 et qui permet de scolariser chaque ann\u00e9e une cinquantaine d\u2019enfants. \u2022 LA MATERNELLE \u00ab\u00a0L&rsquo;\u00e9cole du ch\u00e2teau\u00a0\u00bb de Cesseras accueille la maternelle de la petite \u00e0 la grande sectionDirectrice de Cesseras et Professeur des\u2026","_links":{"self":[{"href":"https:\/\/mairieazillanet.net\/NS\/wp-json\/wp\/v2\/posts\/353","targetHints":{"allow":["GET"]}}],"collection":[{"href":"https:\/\/mairieazillanet.net\/NS\/wp-json\/wp\/v2\/posts"}],"about":[{"href":"https:\/\/mairieazillanet.net\/NS\/wp-json\/wp\/v2\/types\/post"}],"author":[{"embeddable":true,"href":"https:\/\/mairieazillanet.net\/NS\/wp-json\/wp\/v2\/users\/1"}],"replies":[{"embeddable":true,"href":"https:\/\/mairieazillanet.net\/NS\/wp-json\/wp\/v2\/comments?post=353"}],"version-history":[{"count":49,"href":"https:\/\/mairieazillanet.net\/NS\/wp-json\/wp\/v2\/posts\/353\/revisions"}],"predecessor-version":[{"id":3094,"href":"https:\/\/mairieazillanet.net\/NS\/wp-json\/wp\/v2\/posts\/353\/revisions\/3094"}],"wp:attachment":[{"href":"https:\/\/mairieazillanet.net\/NS\/wp-json\/wp\/v2\/media?parent=353"}],"wp:term":[{"taxonomy":"category","embeddable":true,"href":"https:\/\/mairieazillanet.net\/NS\/wp-json\/wp\/v2\/categories?post=353"},{"taxonomy":"post_tag","embeddable":true,"href":"https:\/\/mairieazillanet.net\/NS\/wp-json\/wp\/v2\/tags?post=353"}],"curies":[{"name":"wp","href":"https:\/\/api.w.org\/{rel}","templated":true}]}}