{"id":2049,"date":"2021-05-11T08:37:50","date_gmt":"2021-05-11T06:37:50","guid":{"rendered":"https:\/\/mairieazillanet.net\/NS\/?p=2049"},"modified":"2021-06-05T11:14:11","modified_gmt":"2021-06-05T09:14:11","slug":"commemoration-du-8-mai-1945","status":"publish","type":"post","link":"https:\/\/mairieazillanet.net\/NS\/commemoration-du-8-mai-1945\/","title":{"rendered":"C\u00e9r\u00e9monie 8 mai 1945"},"content":{"rendered":"\n<div class=\"wp-block-media-text alignwide is-stacked-on-mobile is-image-fill\"><figure class=\"wp-block-media-text__media\" style=\"background-image:url(https:\/\/mairieazillanet.net\/NS\/wp-content\/uploads\/2021\/05\/Azillanet-8-mai-2021-ceremonie.jpg);background-position:50% 50%\"><img fetchpriority=\"high\" decoding=\"async\" width=\"486\" height=\"1000\" src=\"https:\/\/mairieazillanet.net\/NS\/wp-content\/uploads\/2021\/05\/Azillanet-8-mai-2021-ceremonie.jpg\" alt=\"\" class=\"wp-image-2054 size-full\" srcset=\"https:\/\/mairieazillanet.net\/NS\/wp-content\/uploads\/2021\/05\/Azillanet-8-mai-2021-ceremonie.jpg 486w, https:\/\/mairieazillanet.net\/NS\/wp-content\/uploads\/2021\/05\/Azillanet-8-mai-2021-ceremonie-146x300.jpg 146w\" sizes=\"(max-width: 486px) 100vw, 486px\" \/><\/figure><div class=\"wp-block-media-text__content\">\n<p>Les comm\u00e9morations du 8 mai 1945 ont pris, cette ann\u00e9e encore, une dimension toute particuli\u00e8re, Covid-19 oblige.&nbsp;<\/p>\n\n\n\n<p>Un d\u00e9p\u00f4t de gerbe a \u00e9t\u00e9 fait avec lecture du discours officiel et recueillement mais l&rsquo;ouverture au public n&rsquo;\u00e9tait pas encore possible.<\/p>\n\n\n\n<p>Malgr\u00e9 tout, n&rsquo;oublions pas ceux qui ont \u0153uvr\u00e9 pour la paix&nbsp;et conservons ce devoir de m\u00e9moire pour que les g\u00e9n\u00e9rations futures se sentent concern\u00e9es.<\/p>\n\n\n\n<p>Voici un extrait du discours officiel de Mme Genevi\u00e8ve DARRIEUSSECQ , ministre des arm\u00e9es :&nbsp;<\/p>\n\n\n\n<p>\u00ab\u00a0Entendons les mots de Malraux : \u00ab un monde sans espoir est irrespirable \u00bb.&nbsp;<\/p>\n\n\n\n<p>La victoire de 1945 est le succ\u00e8s de l\u2019esp\u00e9rance, mais elle est aussi l\u2019aube d\u2019un nouvel effort collectif pour la reconstruction, pour la paix et pour l\u2019Europe.&nbsp;<\/p>\n\n\n\n<p>Hier comme aujourd\u2019hui, face aux \u00e9preuves et aux crises du temps, la Nation fran\u00e7aise se tient debout, r\u00e9siliente et esp\u00e9rante.<\/p>\n\n\n\n<p>Unis et solidaires, souvenons-nous de l\u2019adversit\u00e9 surmont\u00e9e et de la libert\u00e9 reconquise.\u00a0\u00bb<\/p>\n<\/div><\/div>\n","protected":false},"excerpt":{"rendered":"<p>Les comm\u00e9morations du 8 mai 1945 ont pris, cette ann\u00e9e encore, une dimension toute particuli\u00e8re, Covid-19 oblige.&nbsp; Un d\u00e9p\u00f4t de gerbe a \u00e9t\u00e9 fait avec lecture du discours officiel et recueillement mais l&rsquo;ouverture au public n&rsquo;\u00e9tait pas encore possible. Malgr\u00e9 tout, n&rsquo;oublions pas ceux qui ont \u0153uvr\u00e9 pour la paix&nbsp;et conservons ce devoir de m\u00e9moire &#8230; <a title=\"C\u00e9r\u00e9monie 8 mai 1945\" class=\"read-more\" href=\"https:\/\/mairieazillanet.net\/NS\/commemoration-du-8-mai-1945\/\" aria-label=\"En savoir plus sur C\u00e9r\u00e9monie 8 mai 1945\">Lire la suite<\/a><\/p>\n","protected":false},"author":1,"featured_media":2054,"comment_status":"closed","ping_status":"closed","sticky":false,"template":"","format":"standard","meta":{"_uag_custom_page_level_css":"","footnotes":""},"categories":[53],"tags":[],"class_list":["post-2049","post","type-post","status-publish","format-standard","has-post-thumbnail","hentry","category-actualite-mairie"],"uagb_featured_image_src":{"full":["https:\/\/mairieazillanet.net\/NS\/wp-content\/uploads\/2021\/05\/Azillanet-8-mai-2021-ceremonie.jpg",486,1000,false],"thumbnail":["https:\/\/mairieazillanet.net\/NS\/wp-content\/uploads\/2021\/05\/Azillanet-8-mai-2021-ceremonie-150x150.jpg",150,150,true],"medium":["https:\/\/mairieazillanet.net\/NS\/wp-content\/uploads\/2021\/05\/Azillanet-8-mai-2021-ceremonie-146x300.jpg",146,300,true],"medium_large":["https:\/\/mairieazillanet.net\/NS\/wp-content\/uploads\/2021\/05\/Azillanet-8-mai-2021-ceremonie.jpg",486,1000,false],"large":["https:\/\/mairieazillanet.net\/NS\/wp-content\/uploads\/2021\/05\/Azillanet-8-mai-2021-ceremonie.jpg",486,1000,false],"1536x1536":["https:\/\/mairieazillanet.net\/NS\/wp-content\/uploads\/2021\/05\/Azillanet-8-mai-2021-ceremonie.jpg",486,1000,false],"2048x2048":["https:\/\/mairieazillanet.net\/NS\/wp-content\/uploads\/2021\/05\/Azillanet-8-mai-2021-ceremonie.jpg",486,1000,false]},"uagb_author_info":{"display_name":"pierre","author_link":"https:\/\/mairieazillanet.net\/NS\/author\/le-scribe\/"},"uagb_comment_info":0,"uagb_excerpt":"Les comm\u00e9morations du 8 mai 1945 ont pris, cette ann\u00e9e encore, une dimension toute particuli\u00e8re, Covid-19 oblige.&nbsp; Un d\u00e9p\u00f4t de gerbe a \u00e9t\u00e9 fait avec lecture du discours officiel et recueillement mais l&rsquo;ouverture au public n&rsquo;\u00e9tait pas encore possible. Malgr\u00e9 tout, n&rsquo;oublions pas ceux qui ont \u0153uvr\u00e9 pour la paix&nbsp;et conservons ce devoir de m\u00e9moire\u2026","_links":{"self":[{"href":"https:\/\/mairieazillanet.net\/NS\/wp-json\/wp\/v2\/posts\/2049","targetHints":{"allow":["GET"]}}],"collection":[{"href":"https:\/\/mairieazillanet.net\/NS\/wp-json\/wp\/v2\/posts"}],"about":[{"href":"https:\/\/mairieazillanet.net\/NS\/wp-json\/wp\/v2\/types\/post"}],"author":[{"embeddable":true,"href":"https:\/\/mairieazillanet.net\/NS\/wp-json\/wp\/v2\/users\/1"}],"replies":[{"embeddable":true,"href":"https:\/\/mairieazillanet.net\/NS\/wp-json\/wp\/v2\/comments?post=2049"}],"version-history":[{"count":6,"href":"https:\/\/mairieazillanet.net\/NS\/wp-json\/wp\/v2\/posts\/2049\/revisions"}],"predecessor-version":[{"id":2082,"href":"https:\/\/mairieazillanet.net\/NS\/wp-json\/wp\/v2\/posts\/2049\/revisions\/2082"}],"wp:featuredmedia":[{"embeddable":true,"href":"https:\/\/mairieazillanet.net\/NS\/wp-json\/wp\/v2\/media\/2054"}],"wp:attachment":[{"href":"https:\/\/mairieazillanet.net\/NS\/wp-json\/wp\/v2\/media?parent=2049"}],"wp:term":[{"taxonomy":"category","embeddable":true,"href":"https:\/\/mairieazillanet.net\/NS\/wp-json\/wp\/v2\/categories?post=2049"},{"taxonomy":"post_tag","embeddable":true,"href":"https:\/\/mairieazillanet.net\/NS\/wp-json\/wp\/v2\/tags?post=2049"}],"curies":[{"name":"wp","href":"https:\/\/api.w.org\/{rel}","templated":true}]}}